{"id":1818,"date":"2026-04-17T15:22:44","date_gmt":"2026-04-17T19:22:44","guid":{"rendered":"https:\/\/asoportuguesa.net\/?p=1818"},"modified":"2026-04-17T15:23:31","modified_gmt":"2026-04-17T19:23:31","slug":"portuguesa-cuenta-con-su-primera-recicladora-de-envases-de-agroquimicos-para-la-fabricacion-de-estantillos","status":"publish","type":"post","link":"https:\/\/asoportuguesa.net\/?p=1818","title":{"rendered":"Portuguesa cuenta con su primera recicladora de envases de agroqu\u00edmicos para la fabricaci\u00f3n de estantillos."},"content":{"rendered":"\n<p>Prensa, Asoportuguesa.-&nbsp;El estado Portuguesa cuenta con su primera recicladora de material pl\u00e1stico para la fabricaci\u00f3n de estantillos, tras la inauguraci\u00f3n del Programa de Gesti\u00f3n de Envases de Agroqu\u00edmicos, proyecto liderado por la Asociaci\u00f3n Nacional de Insumos Agr\u00edcolas (Asinagri) y la empresa Reciclaje Agricultura Limpia C.A., quienes desde hace a\u00f1os vienen trabajando en la promoci\u00f3n de buenas pr\u00e1cticas agr\u00edcolas en campo.<\/p>\n\n\n\n<p>Este centro est\u00e1 ubicado en unos espacios adyacentes a Alimentos Do\u00f1a Emilia que, en conjunto con Asoportuguesa, cedi\u00f3 en comodato un lote de terrenos para la operatividad de las instalaciones del programa, al cual en una primera fase le don\u00f3 1.000 kilos de material de empaque suave, generado del proceso de empaquetamiento de harina de ma\u00edz y arroz blanco Do\u00f1a Emilia.<\/p>\n\n\n\n<p>Se trata de la primera recicladora con material pl\u00e1stico de agroqu\u00edmicos, pero la tercera que funciona como centro de acopio junto a la que est\u00e1 ubicada en Tur\u00e9n, en terrenos de la asociaci\u00f3n de Productores Agr\u00edcolas Independientes (PAI), y la que se encuentra en Qu\u00edbor, estado Lara.<\/p>\n\n\n\n<p>En este centro se estiman fabricar y comercializar 800 estantillos de madera pl\u00e1stica al mes, para su uso en fincas y unidades de producci\u00f3n, a los fines de contar con recursos propios que permitan el autosustento del proyecto que, en el pasado, funcion\u00f3 solo como un punto de acopio, cerrando con 300 toneladas de pl\u00e1stico, apenas un 10 % de los desechos que se generan de la actividad agr\u00edcola en Portuguesa, de acuerdo con lo informado por Luz Amparo Ru\u00edz, directora ejecutiva de Asinagri y presidenta de Reciclaje Agricultura Limpia.<\/p>\n\n\n\n<p>En la inauguraci\u00f3n del programa, Ru\u00edz destac\u00f3 que se requieren al menos 16 centros de acopio por cada estado agr\u00edcola del pa\u00eds, donde frecuentemente se genera este tipo de desechos, a los que usualmente no se les da la debida disposici\u00f3n final, ya que son arrojados a los r\u00edos \u2013contaminando el agua de consumo\u2013&nbsp;o quemados tanto en fincas como en vertederos, lo que termina afectando al ambiente y la salud p\u00fablica.&nbsp;<\/p>\n\n\n\n<p>La l\u00edder del proyecto detall\u00f3 que este centro cuenta con una l\u00ednea completa de reciclaje, con equipos para el procesamiento del material pl\u00e1stico, su posterior enfriamiento y la fundici\u00f3n final, transformando el desperdicio en estantillos que ser\u00e1n comercializados para levantar cercas en las unidades de producci\u00f3n.&nbsp;<\/p>\n\n\n\n<p>De igual manera, aclar\u00f3 que solo se recibir\u00e1n pl\u00e1sticos de envases de agroqu\u00edmicos que hayan sido triple lavados en las fincas, luego de aplicado el producto, como corresponde a las buenas pr\u00e1cticas agr\u00edcolas y a la cultura de reciclaje y cuidado ambiental que debe prevalecer en el campo.&nbsp;<\/p>\n\n\n\n<p>Ru\u00edz indic\u00f3 que el programa existe desde hace dos d\u00e9cadas, pero por problemas puntuales tuvo que paralizarse durante nueve a\u00f1os, hasta que tomaron la decisi\u00f3n de reactivarlo y reinventarse, pasando de ser un centro de acopio a una recicladora, para as\u00ed sumarse a pa\u00edses como Brasil, hasta el momento el \u00fanico en Latinoam\u00e9rica que tiene instalaciones para el acopio y procesamiento de este tipo de desechos.&nbsp;<\/p>\n\n\n\n<p>La representante de Asinagri destac\u00f3 que este proyecto viene a responder una necesidad dentro del sector agr\u00edcola: darle una mejor disposici\u00f3n a los envases de agroqu\u00edmicos, a los cuales est\u00e1n obligados a hacer un triple lavado \u2013despu\u00e9s de aplicado el producto para el control de plagas y enfermedades sobre sus cultivos\u2013, a fin de no contaminar el entorno y ser responsables con el ambiente.<\/p>\n\n\n\n<p>Bonos verdes<\/p>\n\n\n\n<p>Gustavo Moreno Lleras, presidente de Asoportuguesa y directivo de Alimentos Do\u00f1a Emilia, enfatiz\u00f3 que esta iniciativa abre un abanico de posibilidades, para avanzar en la b\u00fasqueda de reconocimiento en la emisi\u00f3n de bonos verdes y de carbono, lo que podr\u00eda incentivar la econom\u00eda nacional y la comercializaci\u00f3n bajo est\u00e1ndares globales de sostenibilidad.&nbsp;<\/p>\n\n\n\n<p>\u201cDar ese paso de reciclaje de los envases de insumos agr\u00edcolas nos va a llevar a subir un escal\u00f3n m\u00e1s en lo que es la agricultura responsable que se est\u00e1 manejando a nivel mundial (\u2026) Hacemos un llamado para que todos los agricultores, de todos los rubros y programas, hagan acto de presencia durante este pr\u00f3ximo ciclo, a beneficio del medio ambiente\u201d, acot\u00f3.<\/p>\n\n\n\n<p>Aunque en una primera etapa, los l\u00edderes del proyecto estiman que se acopie el 10 % de los envases de agroqu\u00edmicos que se usan en campo, prev\u00e9n ir sumando progresivamente un 5 % adicional cada a\u00f1o.<\/p>\n\n\n\n<figure class=\"wp-block-gallery has-nested-images columns-default is-cropped wp-block-gallery-1 is-layout-flex wp-block-gallery-is-layout-flex\">\n<figure class=\"wp-block-image size-large\"><img loading=\"lazy\" decoding=\"async\" width=\"1024\" height=\"768\" data-id=\"1824\" src=\"https:\/\/asoportuguesa.net\/wp-content\/uploads\/2026\/04\/WhatsApp-Image-2026-04-17-at-15.06.39-1-1024x768.jpeg\" alt=\"\" class=\"wp-image-1824\" srcset=\"https:\/\/asoportuguesa.net\/wp-content\/uploads\/2026\/04\/WhatsApp-Image-2026-04-17-at-15.06.39-1-1024x768.jpeg 1024w, https:\/\/asoportuguesa.net\/wp-content\/uploads\/2026\/04\/WhatsApp-Image-2026-04-17-at-15.06.39-1-300x225.jpeg 300w, https:\/\/asoportuguesa.net\/wp-content\/uploads\/2026\/04\/WhatsApp-Image-2026-04-17-at-15.06.39-1-768x576.jpeg 768w, https:\/\/asoportuguesa.net\/wp-content\/uploads\/2026\/04\/WhatsApp-Image-2026-04-17-at-15.06.39-1.jpeg 1280w\" sizes=\"auto, (max-width: 1024px) 100vw, 1024px\" \/><\/figure>\n\n\n\n<figure class=\"wp-block-image size-large\"><img loading=\"lazy\" decoding=\"async\" width=\"1024\" height=\"768\" data-id=\"1821\" src=\"https:\/\/asoportuguesa.net\/wp-content\/uploads\/2026\/04\/WhatsApp-Image-2026-04-17-at-15.06.57-1024x768.jpeg\" alt=\"\" class=\"wp-image-1821\" srcset=\"https:\/\/asoportuguesa.net\/wp-content\/uploads\/2026\/04\/WhatsApp-Image-2026-04-17-at-15.06.57-1024x768.jpeg 1024w, https:\/\/asoportuguesa.net\/wp-content\/uploads\/2026\/04\/WhatsApp-Image-2026-04-17-at-15.06.57-300x225.jpeg 300w, https:\/\/asoportuguesa.net\/wp-content\/uploads\/2026\/04\/WhatsApp-Image-2026-04-17-at-15.06.57-768x576.jpeg 768w, https:\/\/asoportuguesa.net\/wp-content\/uploads\/2026\/04\/WhatsApp-Image-2026-04-17-at-15.06.57-1536x1152.jpeg 1536w, https:\/\/asoportuguesa.net\/wp-content\/uploads\/2026\/04\/WhatsApp-Image-2026-04-17-at-15.06.57.jpeg 1600w\" sizes=\"auto, (max-width: 1024px) 100vw, 1024px\" \/><\/figure>\n\n\n\n<figure class=\"wp-block-image size-large\"><img loading=\"lazy\" decoding=\"async\" width=\"1024\" height=\"768\" data-id=\"1822\" src=\"https:\/\/asoportuguesa.net\/wp-content\/uploads\/2026\/04\/WhatsApp-Image-2026-04-17-at-15.07.35-1024x768.jpeg\" alt=\"\" class=\"wp-image-1822\" srcset=\"https:\/\/asoportuguesa.net\/wp-content\/uploads\/2026\/04\/WhatsApp-Image-2026-04-17-at-15.07.35-1024x768.jpeg 1024w, https:\/\/asoportuguesa.net\/wp-content\/uploads\/2026\/04\/WhatsApp-Image-2026-04-17-at-15.07.35-300x225.jpeg 300w, https:\/\/asoportuguesa.net\/wp-content\/uploads\/2026\/04\/WhatsApp-Image-2026-04-17-at-15.07.35-768x576.jpeg 768w, https:\/\/asoportuguesa.net\/wp-content\/uploads\/2026\/04\/WhatsApp-Image-2026-04-17-at-15.07.35.jpeg 1280w\" sizes=\"auto, (max-width: 1024px) 100vw, 1024px\" \/><\/figure>\n\n\n\n<figure class=\"wp-block-image size-large\"><img loading=\"lazy\" decoding=\"async\" width=\"1024\" height=\"768\" data-id=\"1826\" src=\"https:\/\/asoportuguesa.net\/wp-content\/uploads\/2026\/04\/WhatsApp-Image-2026-04-17-at-15.08.03-1024x768.jpeg\" alt=\"\" class=\"wp-image-1826\" srcset=\"https:\/\/asoportuguesa.net\/wp-content\/uploads\/2026\/04\/WhatsApp-Image-2026-04-17-at-15.08.03-1024x768.jpeg 1024w, https:\/\/asoportuguesa.net\/wp-content\/uploads\/2026\/04\/WhatsApp-Image-2026-04-17-at-15.08.03-300x225.jpeg 300w, https:\/\/asoportuguesa.net\/wp-content\/uploads\/2026\/04\/WhatsApp-Image-2026-04-17-at-15.08.03-768x576.jpeg 768w, https:\/\/asoportuguesa.net\/wp-content\/uploads\/2026\/04\/WhatsApp-Image-2026-04-17-at-15.08.03.jpeg 1280w\" sizes=\"auto, (max-width: 1024px) 100vw, 1024px\" \/><\/figure>\n\n\n\n<figure class=\"wp-block-image size-large\"><img loading=\"lazy\" decoding=\"async\" width=\"1024\" height=\"768\" data-id=\"1823\" src=\"https:\/\/asoportuguesa.net\/wp-content\/uploads\/2026\/04\/WhatsApp-Image-2026-04-17-at-15.08.31-1024x768.jpeg\" alt=\"\" class=\"wp-image-1823\" srcset=\"https:\/\/asoportuguesa.net\/wp-content\/uploads\/2026\/04\/WhatsApp-Image-2026-04-17-at-15.08.31-1024x768.jpeg 1024w, https:\/\/asoportuguesa.net\/wp-content\/uploads\/2026\/04\/WhatsApp-Image-2026-04-17-at-15.08.31-300x225.jpeg 300w, https:\/\/asoportuguesa.net\/wp-content\/uploads\/2026\/04\/WhatsApp-Image-2026-04-17-at-15.08.31-768x576.jpeg 768w, https:\/\/asoportuguesa.net\/wp-content\/uploads\/2026\/04\/WhatsApp-Image-2026-04-17-at-15.08.31.jpeg 1280w\" sizes=\"auto, (max-width: 1024px) 100vw, 1024px\" \/><\/figure>\n\n\n\n<figure class=\"wp-block-image size-large\"><img loading=\"lazy\" decoding=\"async\" width=\"1024\" height=\"768\" data-id=\"1825\" src=\"https:\/\/asoportuguesa.net\/wp-content\/uploads\/2026\/04\/WhatsApp-Image-2026-04-17-at-15.09.11-1024x768.jpeg\" alt=\"\" class=\"wp-image-1825\" srcset=\"https:\/\/asoportuguesa.net\/wp-content\/uploads\/2026\/04\/WhatsApp-Image-2026-04-17-at-15.09.11-1024x768.jpeg 1024w, https:\/\/asoportuguesa.net\/wp-content\/uploads\/2026\/04\/WhatsApp-Image-2026-04-17-at-15.09.11-300x225.jpeg 300w, https:\/\/asoportuguesa.net\/wp-content\/uploads\/2026\/04\/WhatsApp-Image-2026-04-17-at-15.09.11-768x576.jpeg 768w, https:\/\/asoportuguesa.net\/wp-content\/uploads\/2026\/04\/WhatsApp-Image-2026-04-17-at-15.09.11.jpeg 1080w\" sizes=\"auto, (max-width: 1024px) 100vw, 1024px\" \/><\/figure>\n<\/figure>\n","protected":false},"excerpt":{"rendered":"<p>Prensa, Asoportuguesa.-&nbsp;El estado Portuguesa cuenta con su primera recicladora de material pl\u00e1stico para la fabricaci\u00f3n de estantillos, tras la inauguraci\u00f3n del Programa de Gesti\u00f3n de Envases de Agroqu\u00edmicos, proyecto liderado por la Asociaci\u00f3n Nacional de Insumos Agr\u00edcolas (Asinagri) y la empresa Reciclaje Agricultura Limpia C.A., quienes desde hace a\u00f1os vienen trabajando en la promoci\u00f3n de &hellip;<\/p>\n<p class=\"read-more\"> <a class=\"\" href=\"https:\/\/asoportuguesa.net\/?p=1818\"> <span class=\"screen-reader-text\">Portuguesa cuenta con su primera recicladora de envases de agroqu\u00edmicos para la fabricaci\u00f3n de estantillos.<\/span> Leer m\u00e1s &raquo;<\/a><\/p>\n","protected":false},"author":1,"featured_media":1819,"comment_status":"open","ping_status":"open","sticky":false,"template":"","format":"standard","meta":{"_uag_custom_page_level_css":"","site-sidebar-layout":"default","site-content-layout":"","ast-site-content-layout":"default","site-content-style":"default","site-sidebar-style":"default","ast-global-header-display":"","ast-banner-title-visibility":"","ast-main-header-display":"","ast-hfb-above-header-display":"","ast-hfb-below-header-display":"","ast-hfb-mobile-header-display":"","site-post-title":"","ast-breadcrumbs-content":"","ast-featured-img":"","footer-sml-layout":"","theme-transparent-header-meta":"","adv-header-id-meta":"","stick-header-meta":"","header-above-stick-meta":"","header-main-stick-meta":"","header-below-stick-meta":"","astra-migrate-meta-layouts":"set","footnotes":""},"categories":[1],"tags":[],"class_list":["post-1818","post","type-post","status-publish","format-standard","has-post-thumbnail","hentry","category-sin-categoria"],"uagb_featured_image_src":{"full":["https:\/\/asoportuguesa.net\/wp-content\/uploads\/2026\/04\/WhatsApp-Image-2026-04-17-at-15.06.22.jpeg",1600,1200,false],"thumbnail":["https:\/\/asoportuguesa.net\/wp-content\/uploads\/2026\/04\/WhatsApp-Image-2026-04-17-at-15.06.22-150x150.jpeg",150,150,true],"medium":["https:\/\/asoportuguesa.net\/wp-content\/uploads\/2026\/04\/WhatsApp-Image-2026-04-17-at-15.06.22-300x225.jpeg",300,225,true],"medium_large":["https:\/\/asoportuguesa.net\/wp-content\/uploads\/2026\/04\/WhatsApp-Image-2026-04-17-at-15.06.22-768x576.jpeg",768,576,true],"large":["https:\/\/asoportuguesa.net\/wp-content\/uploads\/2026\/04\/WhatsApp-Image-2026-04-17-at-15.06.22-1024x768.jpeg",1024,768,true],"1536x1536":["https:\/\/asoportuguesa.net\/wp-content\/uploads\/2026\/04\/WhatsApp-Image-2026-04-17-at-15.06.22-1536x1152.jpeg",1536,1152,true],"2048x2048":["https:\/\/asoportuguesa.net\/wp-content\/uploads\/2026\/04\/WhatsApp-Image-2026-04-17-at-15.06.22.jpeg",1600,1200,false]},"uagb_author_info":{"display_name":"Lelelaloli","author_link":"https:\/\/asoportuguesa.net\/?author=1"},"uagb_comment_info":0,"uagb_excerpt":"Prensa, Asoportuguesa.-&nbsp;El estado Portuguesa cuenta con su primera recicladora de material pl\u00e1stico para la fabricaci\u00f3n de estantillos, tras la inauguraci\u00f3n del Programa de Gesti\u00f3n de Envases de Agroqu\u00edmicos, proyecto liderado por la Asociaci\u00f3n Nacional de Insumos Agr\u00edcolas (Asinagri) y la empresa Reciclaje Agricultura Limpia C.A., quienes desde hace a\u00f1os vienen trabajando en la promoci\u00f3n de&hellip;","_links":{"self":[{"href":"https:\/\/asoportuguesa.net\/index.php?rest_route=\/wp\/v2\/posts\/1818","targetHints":{"allow":["GET"]}}],"collection":[{"href":"https:\/\/asoportuguesa.net\/index.php?rest_route=\/wp\/v2\/posts"}],"about":[{"href":"https:\/\/asoportuguesa.net\/index.php?rest_route=\/wp\/v2\/types\/post"}],"author":[{"embeddable":true,"href":"https:\/\/asoportuguesa.net\/index.php?rest_route=\/wp\/v2\/users\/1"}],"replies":[{"embeddable":true,"href":"https:\/\/asoportuguesa.net\/index.php?rest_route=%2Fwp%2Fv2%2Fcomments&post=1818"}],"version-history":[{"count":2,"href":"https:\/\/asoportuguesa.net\/index.php?rest_route=\/wp\/v2\/posts\/1818\/revisions"}],"predecessor-version":[{"id":1828,"href":"https:\/\/asoportuguesa.net\/index.php?rest_route=\/wp\/v2\/posts\/1818\/revisions\/1828"}],"wp:featuredmedia":[{"embeddable":true,"href":"https:\/\/asoportuguesa.net\/index.php?rest_route=\/wp\/v2\/media\/1819"}],"wp:attachment":[{"href":"https:\/\/asoportuguesa.net\/index.php?rest_route=%2Fwp%2Fv2%2Fmedia&parent=1818"}],"wp:term":[{"taxonomy":"category","embeddable":true,"href":"https:\/\/asoportuguesa.net\/index.php?rest_route=%2Fwp%2Fv2%2Fcategories&post=1818"},{"taxonomy":"post_tag","embeddable":true,"href":"https:\/\/asoportuguesa.net\/index.php?rest_route=%2Fwp%2Fv2%2Ftags&post=1818"}],"curies":[{"name":"wp","href":"https:\/\/api.w.org\/{rel}","templated":true}]}}